{"id":28062,"count":1,"description":"","link":"https:\/\/www.papeldeparede.etc.br\/fotos\/divulgacao-de-capitao-america-soldado-infernal\/","name":"divulga\u00e7\u00e3o de capit\u00e3o am\u00e9rica soldado infernal","slug":"divulgacao-de-capitao-america-soldado-infernal","taxonomy":"post_tag","meta":[],"_links":{"self":[{"href":"https:\/\/www.papeldeparede.etc.br\/fotos\/wp-json\/wp\/v2\/tags\/28062"}],"collection":[{"href":"https:\/\/www.papeldeparede.etc.br\/fotos\/wp-json\/wp\/v2\/tags"}],"about":[{"href":"https:\/\/www.papeldeparede.etc.br\/fotos\/wp-json\/wp\/v2\/taxonomies\/post_tag"}],"wp:post_type":[{"href":"https:\/\/www.papeldeparede.etc.br\/fotos\/wp-json\/wp\/v2\/posts?tags=28062"}],"curies":[{"name":"wp","href":"https:\/\/api.w.org\/{rel}","templated":true}]}}