{"id":26847,"count":1,"description":"","link":"https:\/\/www.papeldeparede.etc.br\/fotos\/divulgacao-de-capitao-america-soldado-do-inverno\/","name":"divulga\u00e7\u00e3o de capit\u00e3o am\u00e9rica soldado do inverno","slug":"divulgacao-de-capitao-america-soldado-do-inverno","taxonomy":"post_tag","meta":[],"_links":{"self":[{"href":"https:\/\/www.papeldeparede.etc.br\/fotos\/wp-json\/wp\/v2\/tags\/26847"}],"collection":[{"href":"https:\/\/www.papeldeparede.etc.br\/fotos\/wp-json\/wp\/v2\/tags"}],"about":[{"href":"https:\/\/www.papeldeparede.etc.br\/fotos\/wp-json\/wp\/v2\/taxonomies\/post_tag"}],"wp:post_type":[{"href":"https:\/\/www.papeldeparede.etc.br\/fotos\/wp-json\/wp\/v2\/posts?tags=26847"}],"curies":[{"name":"wp","href":"https:\/\/api.w.org\/{rel}","templated":true}]}}