{"id":19413,"count":1,"description":"","link":"https:\/\/www.papeldeparede.etc.br\/fotos\/praca-sao-pedro-no-vaticano-roma-italia\/","name":"pra\u00e7a s\u00e3o pedro no vaticano roma it\u00e1lia","slug":"praca-sao-pedro-no-vaticano-roma-italia","taxonomy":"post_tag","meta":[],"_links":{"self":[{"href":"https:\/\/www.papeldeparede.etc.br\/fotos\/wp-json\/wp\/v2\/tags\/19413"}],"collection":[{"href":"https:\/\/www.papeldeparede.etc.br\/fotos\/wp-json\/wp\/v2\/tags"}],"about":[{"href":"https:\/\/www.papeldeparede.etc.br\/fotos\/wp-json\/wp\/v2\/taxonomies\/post_tag"}],"wp:post_type":[{"href":"https:\/\/www.papeldeparede.etc.br\/fotos\/wp-json\/wp\/v2\/posts?tags=19413"}],"curies":[{"name":"wp","href":"https:\/\/api.w.org\/{rel}","templated":true}]}}