{"id":7766,"date":"2011-08-01T19:30:01","date_gmt":"2011-08-01T22:30:01","guid":{"rendered":"http:\/\/www.papeldeparede.etc.br\/fotos\/?p=7766"},"modified":"2011-08-01T17:57:38","modified_gmt":"2011-08-01T20:57:38","slug":"capitao-america-vilao","status":"publish","type":"post","link":"https:\/\/www.papeldeparede.etc.br\/fotos\/papel-de-parede_capitao-america-vilao\/","title":{"rendered":"Capit\u00e3o Am\u00e9rica &#8211; Vil\u00e3o"},"content":{"rendered":"","protected":false},"excerpt":{"rendered":"","protected":false},"author":5,"featured_media":7773,"comment_status":"closed","ping_status":"closed","sticky":false,"template":"","format":"standard","meta":[],"categories":[],"tags":[13967,4221,4220,4329,7257,14003,7259,13830,14002,4504,4187,14004,13970,13971],"_links":{"self":[{"href":"https:\/\/www.papeldeparede.etc.br\/fotos\/wp-json\/wp\/v2\/posts\/7766"}],"collection":[{"href":"https:\/\/www.papeldeparede.etc.br\/fotos\/wp-json\/wp\/v2\/posts"}],"about":[{"href":"https:\/\/www.papeldeparede.etc.br\/fotos\/wp-json\/wp\/v2\/types\/post"}],"author":[{"embeddable":true,"href":"https:\/\/www.papeldeparede.etc.br\/fotos\/wp-json\/wp\/v2\/users\/5"}],"replies":[{"embeddable":true,"href":"https:\/\/www.papeldeparede.etc.br\/fotos\/wp-json\/wp\/v2\/comments?post=7766"}],"version-history":[{"count":0,"href":"https:\/\/www.papeldeparede.etc.br\/fotos\/wp-json\/wp\/v2\/posts\/7766\/revisions"}],"wp:featuredmedia":[{"embeddable":true,"href":"https:\/\/www.papeldeparede.etc.br\/fotos\/wp-json\/wp\/v2\/media\/7773"}],"wp:attachment":[{"href":"https:\/\/www.papeldeparede.etc.br\/fotos\/wp-json\/wp\/v2\/media?parent=7766"}],"wp:term":[{"taxonomy":"category","embeddable":true,"href":"https:\/\/www.papeldeparede.etc.br\/fotos\/wp-json\/wp\/v2\/categories?post=7766"},{"taxonomy":"post_tag","embeddable":true,"href":"https:\/\/www.papeldeparede.etc.br\/fotos\/wp-json\/wp\/v2\/tags?post=7766"}],"curies":[{"name":"wp","href":"https:\/\/api.w.org\/{rel}","templated":true}]}}