{"id":6890,"date":"2011-05-31T11:00:59","date_gmt":"2011-05-31T14:00:59","guid":{"rendered":"http:\/\/www.papeldeparede.etc.br\/fotos\/?p=6890"},"modified":"2011-05-31T09:39:51","modified_gmt":"2011-05-31T12:39:51","slug":"coracao-vidraca-molhada","status":"publish","type":"post","link":"https:\/\/www.papeldeparede.etc.br\/fotos\/papel-de-parede_coracao-vidraca-molhada\/","title":{"rendered":"Cora\u00e7\u00e3o &#8211; Vidra\u00e7a Molhada"},"content":{"rendered":"","protected":false},"excerpt":{"rendered":"","protected":false},"author":5,"featured_media":6897,"comment_status":"closed","ping_status":"closed","sticky":false,"template":"","format":"standard","meta":[],"categories":[],"tags":[5640,13911,13910,5186,9417,13912,6622,6133,4986,6575,5414,5194,6442,4838],"_links":{"self":[{"href":"https:\/\/www.papeldeparede.etc.br\/fotos\/wp-json\/wp\/v2\/posts\/6890"}],"collection":[{"href":"https:\/\/www.papeldeparede.etc.br\/fotos\/wp-json\/wp\/v2\/posts"}],"about":[{"href":"https:\/\/www.papeldeparede.etc.br\/fotos\/wp-json\/wp\/v2\/types\/post"}],"author":[{"embeddable":true,"href":"https:\/\/www.papeldeparede.etc.br\/fotos\/wp-json\/wp\/v2\/users\/5"}],"replies":[{"embeddable":true,"href":"https:\/\/www.papeldeparede.etc.br\/fotos\/wp-json\/wp\/v2\/comments?post=6890"}],"version-history":[{"count":0,"href":"https:\/\/www.papeldeparede.etc.br\/fotos\/wp-json\/wp\/v2\/posts\/6890\/revisions"}],"wp:featuredmedia":[{"embeddable":true,"href":"https:\/\/www.papeldeparede.etc.br\/fotos\/wp-json\/wp\/v2\/media\/6897"}],"wp:attachment":[{"href":"https:\/\/www.papeldeparede.etc.br\/fotos\/wp-json\/wp\/v2\/media?parent=6890"}],"wp:term":[{"taxonomy":"category","embeddable":true,"href":"https:\/\/www.papeldeparede.etc.br\/fotos\/wp-json\/wp\/v2\/categories?post=6890"},{"taxonomy":"post_tag","embeddable":true,"href":"https:\/\/www.papeldeparede.etc.br\/fotos\/wp-json\/wp\/v2\/tags?post=6890"}],"curies":[{"name":"wp","href":"https:\/\/api.w.org\/{rel}","templated":true}]}}