{"id":18968,"date":"2014-08-26T10:00:42","date_gmt":"2014-08-26T12:00:42","guid":{"rendered":"http:\/\/www.papeldeparede.etc.br\/fotos\/?p=18968"},"modified":"2014-08-26T08:58:59","modified_gmt":"2014-08-26T10:58:59","slug":"vegetacao-beira-mar","status":"publish","type":"post","link":"https:\/\/www.papeldeparede.etc.br\/fotos\/papel-de-parede_vegetacao-beira-mar\/","title":{"rendered":"Vegeta\u00e7\u00e3o \u00e0 Beira Mar"},"content":{"rendered":"","protected":false},"excerpt":{"rendered":"","protected":false},"author":8,"featured_media":18930,"comment_status":"open","ping_status":"open","sticky":false,"template":"","format":"standard","meta":[],"categories":[],"tags":[5537,19193,13744,7280,29752,16062,14222,6575,14766,15956,15960,5536,1,6063,5560,114,5538,5950,6571],"_links":{"self":[{"href":"https:\/\/www.papeldeparede.etc.br\/fotos\/wp-json\/wp\/v2\/posts\/18968"}],"collection":[{"href":"https:\/\/www.papeldeparede.etc.br\/fotos\/wp-json\/wp\/v2\/posts"}],"about":[{"href":"https:\/\/www.papeldeparede.etc.br\/fotos\/wp-json\/wp\/v2\/types\/post"}],"author":[{"embeddable":true,"href":"https:\/\/www.papeldeparede.etc.br\/fotos\/wp-json\/wp\/v2\/users\/8"}],"replies":[{"embeddable":true,"href":"https:\/\/www.papeldeparede.etc.br\/fotos\/wp-json\/wp\/v2\/comments?post=18968"}],"version-history":[{"count":0,"href":"https:\/\/www.papeldeparede.etc.br\/fotos\/wp-json\/wp\/v2\/posts\/18968\/revisions"}],"wp:featuredmedia":[{"embeddable":true,"href":"https:\/\/www.papeldeparede.etc.br\/fotos\/wp-json\/wp\/v2\/media\/18930"}],"wp:attachment":[{"href":"https:\/\/www.papeldeparede.etc.br\/fotos\/wp-json\/wp\/v2\/media?parent=18968"}],"wp:term":[{"taxonomy":"category","embeddable":true,"href":"https:\/\/www.papeldeparede.etc.br\/fotos\/wp-json\/wp\/v2\/categories?post=18968"},{"taxonomy":"post_tag","embeddable":true,"href":"https:\/\/www.papeldeparede.etc.br\/fotos\/wp-json\/wp\/v2\/tags?post=18968"}],"curies":[{"name":"wp","href":"https:\/\/api.w.org\/{rel}","templated":true}]}}