{"id":14724,"date":"2012-10-09T14:15:26","date_gmt":"2012-10-09T17:15:26","guid":{"rendered":"http:\/\/www.papeldeparede.etc.br\/fotos\/?p=14724"},"modified":"2012-10-11T18:15:41","modified_gmt":"2012-10-11T21:15:41","slug":"arvore-com-coracoes","status":"publish","type":"post","link":"https:\/\/www.papeldeparede.etc.br\/fotos\/papel-de-parede_arvore-com-coracoes\/","title":{"rendered":"\u00c1rvore com Cora\u00e7\u00f5es"},"content":{"rendered":"","protected":false},"excerpt":{"rendered":"","protected":false},"author":6,"featured_media":14725,"comment_status":"open","ping_status":"open","sticky":false,"template":"","format":"standard","meta":[],"categories":[],"tags":[21415,8552,21417,21351,21416,14901,19561,21418,21223],"_links":{"self":[{"href":"https:\/\/www.papeldeparede.etc.br\/fotos\/wp-json\/wp\/v2\/posts\/14724"}],"collection":[{"href":"https:\/\/www.papeldeparede.etc.br\/fotos\/wp-json\/wp\/v2\/posts"}],"about":[{"href":"https:\/\/www.papeldeparede.etc.br\/fotos\/wp-json\/wp\/v2\/types\/post"}],"author":[{"embeddable":true,"href":"https:\/\/www.papeldeparede.etc.br\/fotos\/wp-json\/wp\/v2\/users\/6"}],"replies":[{"embeddable":true,"href":"https:\/\/www.papeldeparede.etc.br\/fotos\/wp-json\/wp\/v2\/comments?post=14724"}],"version-history":[{"count":0,"href":"https:\/\/www.papeldeparede.etc.br\/fotos\/wp-json\/wp\/v2\/posts\/14724\/revisions"}],"wp:featuredmedia":[{"embeddable":true,"href":"https:\/\/www.papeldeparede.etc.br\/fotos\/wp-json\/wp\/v2\/media\/14725"}],"wp:attachment":[{"href":"https:\/\/www.papeldeparede.etc.br\/fotos\/wp-json\/wp\/v2\/media?parent=14724"}],"wp:term":[{"taxonomy":"category","embeddable":true,"href":"https:\/\/www.papeldeparede.etc.br\/fotos\/wp-json\/wp\/v2\/categories?post=14724"},{"taxonomy":"post_tag","embeddable":true,"href":"https:\/\/www.papeldeparede.etc.br\/fotos\/wp-json\/wp\/v2\/tags?post=14724"}],"curies":[{"name":"wp","href":"https:\/\/api.w.org\/{rel}","templated":true}]}}