{"id":13523,"date":"2012-08-27T12:15:22","date_gmt":"2012-08-27T15:15:22","guid":{"rendered":"http:\/\/www.papeldeparede.etc.br\/fotos\/?p=13523"},"modified":"2012-08-27T19:04:49","modified_gmt":"2012-08-27T22:04:49","slug":"notre-dame-ao-crepusculo-paris-franca","status":"publish","type":"post","link":"https:\/\/www.papeldeparede.etc.br\/fotos\/papel-de-parede_notre-dame-ao-crepusculo-paris-franca\/","title":{"rendered":"Notre Dame Ao Crep\u00fasculo &#8211; P\u00e1ris, Fran\u00e7a"},"content":{"rendered":"","protected":false},"excerpt":{"rendered":"","protected":false},"author":6,"featured_media":13524,"comment_status":"open","ping_status":"open","sticky":false,"template":"","format":"standard","meta":[],"categories":[],"tags":[19174,19173,19172,19175,3622,2244,19171,19170,2245,19116],"_links":{"self":[{"href":"https:\/\/www.papeldeparede.etc.br\/fotos\/wp-json\/wp\/v2\/posts\/13523"}],"collection":[{"href":"https:\/\/www.papeldeparede.etc.br\/fotos\/wp-json\/wp\/v2\/posts"}],"about":[{"href":"https:\/\/www.papeldeparede.etc.br\/fotos\/wp-json\/wp\/v2\/types\/post"}],"author":[{"embeddable":true,"href":"https:\/\/www.papeldeparede.etc.br\/fotos\/wp-json\/wp\/v2\/users\/6"}],"replies":[{"embeddable":true,"href":"https:\/\/www.papeldeparede.etc.br\/fotos\/wp-json\/wp\/v2\/comments?post=13523"}],"version-history":[{"count":0,"href":"https:\/\/www.papeldeparede.etc.br\/fotos\/wp-json\/wp\/v2\/posts\/13523\/revisions"}],"wp:featuredmedia":[{"embeddable":true,"href":"https:\/\/www.papeldeparede.etc.br\/fotos\/wp-json\/wp\/v2\/media\/13524"}],"wp:attachment":[{"href":"https:\/\/www.papeldeparede.etc.br\/fotos\/wp-json\/wp\/v2\/media?parent=13523"}],"wp:term":[{"taxonomy":"category","embeddable":true,"href":"https:\/\/www.papeldeparede.etc.br\/fotos\/wp-json\/wp\/v2\/categories?post=13523"},{"taxonomy":"post_tag","embeddable":true,"href":"https:\/\/www.papeldeparede.etc.br\/fotos\/wp-json\/wp\/v2\/tags?post=13523"}],"curies":[{"name":"wp","href":"https:\/\/api.w.org\/{rel}","templated":true}]}}